{"id":218,"date":"2020-02-20T12:35:17","date_gmt":"2020-02-20T11:35:17","guid":{"rendered":"https:\/\/amu-rhinsup.fr\/?p=218"},"modified":"2022-10-31T17:59:20","modified_gmt":"2022-10-31T16:59:20","slug":"lettre-dinformation-n1","status":"publish","type":"post","link":"https:\/\/amu-rhinsup.fr\/index.php\/2020\/02\/20\/lettre-dinformation-n1\/","title":{"rendered":"Lettre d&#8217;information n\u00b01"},"content":{"rendered":"\n<h2 class=\"wp-block-heading\">Le r\u00e9seau des AMU du Rhin Sup\u00e9rieur vous convie aux Journ\u00e9es de l\u2019 Architecture 2020<\/h2>\n\n\n\n<div class=\"wp-block-uagb-image uagb-block-ad0c2687 wp-block-uagb-image--layout-default wp-block-uagb-image--effect-static wp-block-uagb-image--align-center\"><figure class=\"wp-block-uagb-image__figure\"><img decoding=\"async\" srcset=\"https:\/\/amu-rhinsup.fr\/wp-content\/uploads\/2022\/10\/rEevx9WsxpeG2kHXUOptzzv50_wRWCGRy1QQygBnuHaS3DmogVdK_ikltVvXlzINaas4l-yhqyhdbD4XCRsTQk1PAQzeD0Uy8XC5ofdjXyD68RQb88dGtSqRVQjrIaVdCjaj6W1i.jpg \" src=\"https:\/\/amu-rhinsup.fr\/wp-content\/uploads\/2022\/10\/rEevx9WsxpeG2kHXUOptzzv50_wRWCGRy1QQygBnuHaS3DmogVdK_ikltVvXlzINaas4l-yhqyhdbD4XCRsTQk1PAQzeD0Uy8XC5ofdjXyD68RQb88dGtSqRVQjrIaVdCjaj6W1i.jpg\" alt=\"\" class=\"uag-image-224\" width=\"\" height=\"\" title=\"\"\/><\/figure><\/div>\n\n\n\n<p>Les Journ\u00e9es de l\u2019Architecture 2020 arrivent avec le th\u00e8me \u201cFait maison\u201d \/ \u201cHausgemacht\u201d et le r\u00e9seau y participe !Faire maison, faire ensemble, faire ville, faire soci\u00e9t\u00e9, faire avec, des r\u00e9flexions et des d\u00e9marches que les membres du r\u00e9seau des AMU du Rhin Sup\u00e9rieur pratiquent dans leurs diff\u00e9rents m\u00e9tiers et engagements.&nbsp;<br>Suivez notre programmation sur LinkedIn et Facebook }}&gt; focus JA 2020 dans notre agenda &amp; save the date.<\/p>\n\n\n\n<div style=\"height:25px\" aria-hidden=\"true\" class=\"wp-block-spacer\"><\/div>\n\n\n\n<div class=\"wp-block-buttons is-layout-flex wp-block-buttons-is-layout-flex\">\n<div class=\"wp-block-button aligncenter\"><a class=\"wp-block-button__link\" href=\"https:\/\/www.m-ea.eu\/\" target=\"_blank\" rel=\"noreferrer noopener\">Pour en savoir plus<\/a><\/div>\n<\/div>\n\n\n\n<div style=\"height:50px\" aria-hidden=\"true\" class=\"wp-block-spacer\"><\/div>\n\n\n\n<h2 class=\"wp-block-heading\">Retour d\u2019exp\u00e9rience : OSAUPT &#8211; des outils collaboratifs, ludiques au service de la co-conception <\/h2>\n\n\n\n<div class=\"wp-block-uagb-image uagb-block-087c00cb wp-block-uagb-image--layout-default wp-block-uagb-image--effect-static wp-block-uagb-image--align-center\"><figure class=\"wp-block-uagb-image__figure\"><img loading=\"lazy\" decoding=\"async\" srcset=\"https:\/\/amu-rhinsup.fr\/wp-content\/uploads\/2022\/10\/7sLVmiQm90RuDO2ldyeJYkjm_0kV19kW5L2pc_Cb7_o_0AojEy3Z3cQmXnWOcRGcPMV22fD_LTfK1ANBy7j1PhVQeFk1vWVB9CO5mscVJuByf_pZ8gz5KPNz7gALhCiFVE7q2OSo-1024x758.jpg \" src=\"https:\/\/amu-rhinsup.fr\/wp-content\/uploads\/2022\/10\/7sLVmiQm90RuDO2ldyeJYkjm_0kV19kW5L2pc_Cb7_o_0AojEy3Z3cQmXnWOcRGcPMV22fD_LTfK1ANBy7j1PhVQeFk1vWVB9CO5mscVJuByf_pZ8gz5KPNz7gALhCiFVE7q2OSo-1024x758.jpg\" alt=\"\" class=\"uag-image-221\" width=\"1024\" height=\"758\" title=\"\"\/><\/figure><\/div>\n\n\n\n<p>Derri\u00e8re l&#8217;acronyme anglais Osaupt, pour <em>Open source<\/em> &#8211; Architecture &amp; Urban Planning Tools, Louis Geiswiller invente et manie les outils collaboratifs au service de ses projets et collaborations.<\/p>\n\n\n\n<div style=\"height:25px\" aria-hidden=\"true\" class=\"wp-block-spacer\"><\/div>\n\n\n\n<div class=\"wp-block-buttons is-layout-flex wp-block-buttons-is-layout-flex\">\n<div class=\"wp-block-button aligncenter\"><a class=\"wp-block-button__link\" href=\"https:\/\/www.linkedin.com\/pulse\/retour-dexp%25C3%25A9riences-osaupt-des-outils-collaboratifs-au-amu-rhin-sup\/?trackingId=tAsMo2IwQle7DH8FjnqvcA%3D%3D\" target=\"_blank\" rel=\"noreferrer noopener\">Pour en savoir plus<\/a><\/div>\n<\/div>\n\n\n\n<div style=\"height:50px\" aria-hidden=\"true\" class=\"wp-block-spacer\"><\/div>\n\n\n\n<h2 class=\"wp-block-heading\">T\u00e9moignage : Virginie Delbos, Architecte, AMU et Architecte : une collaboration fructueuse qui se construit dans la dur\u00e9e.<\/h2>\n\n\n\n<div class=\"wp-block-uagb-image uagb-block-a677dc84 wp-block-uagb-image--layout-default wp-block-uagb-image--effect-static wp-block-uagb-image--align-center\"><figure class=\"wp-block-uagb-image__figure\"><img decoding=\"async\" srcset=\"https:\/\/amu-rhinsup.fr\/wp-content\/uploads\/2022\/10\/Q0KgeaWphIPizJ8DoW3-e5_DIByDYoGYJgCBzQbVEqXXjs_m5591jsKbFdkzUMQt2M-x3KnWbnTbrKGwq8ug4-qmruvc6AQQEU4MR-xTH9-OlUywzuGqOMouXis9-DALrqPoZMQ2-1024x445.jpg \" src=\"https:\/\/amu-rhinsup.fr\/wp-content\/uploads\/2022\/10\/Q0KgeaWphIPizJ8DoW3-e5_DIByDYoGYJgCBzQbVEqXXjs_m5591jsKbFdkzUMQt2M-x3KnWbnTbrKGwq8ug4-qmruvc6AQQEU4MR-xTH9-OlUywzuGqOMouXis9-DALrqPoZMQ2-1024x445.jpg\" alt=\"\" class=\"uag-image-223\" width=\"\" height=\"\" title=\"\"\/><\/figure><\/div>\n\n\n\n<p>\u201c En tant qu&#8217;architecte, j\u2019ai travaill\u00e9 avec Louis et le personnel de Krysalis sur la co-conception d\u2019un espace ext\u00e9rieur d\u2019une micro-cr\u00e8che. \u00c0 l\u2019origine pens\u00e9 comme une aire de jeu, l\u2019espace ext\u00e9rieur s\u2019est d\u00e9fini au fil des ateliers comme un jardin accueillant des usages ludiques li\u00e9s \u00e0 l\u2019\u00e9veil des sens et des capacit\u00e9s motrices des enfants. <\/p>\n\n\n\n<p>Plus r\u00e9cemment, nous avons co-con\u00e7u durant le confinement (via visio) la r\u00e9novation d\u2019une maison familiale avec ses d\u00e9pendances pour les enfants, les parents et les grands-parents. Chaque g\u00e9n\u00e9ration a ses besoins et chaque membre de la famille a son caract\u00e8re. Le projet anticipe une cohabitation entre vie commune et intimit\u00e9 respect\u00e9e. \u201c <\/p>\n\n\n\n<div style=\"height:25px\" aria-hidden=\"true\" class=\"wp-block-spacer\"><\/div>\n\n\n\n<div class=\"wp-block-buttons is-layout-flex wp-block-buttons-is-layout-flex\">\n<div class=\"wp-block-button aligncenter\"><a class=\"wp-block-button__link\" href=\"https:\/\/www.linkedin.com\/pulse\/t%25C3%25A9moignage-de-virginie-delbos-architecte-amu-et-une-qui-amu-rhin-sup\/?trackingId=G8KeysE%2FSFesayueqodufg%3D%3D\" target=\"_blank\" rel=\"noreferrer noopener\">En savoir plus<\/a><\/div>\n<\/div>\n\n\n\n<div style=\"height:50px\" aria-hidden=\"true\" class=\"wp-block-spacer\"><\/div>\n\n\n\n<h2 class=\"wp-block-heading\">Agenda &amp; save the date \u201cFocus JA 2020\u201d <\/h2>\n\n\n\n<ul class=\"wp-block-list\"><li><strong>Samedi 26 septembre  \u00e0 partir de 10h <\/strong>&#8211; D\u00e9couvrez l&#8217;habitat fait maison dans le cadre des Portes Ouvertes de l\u2019habitat participatif. Plusieurs possibilit\u00e9s :  Jeu de piste et les visites du matin (10h-13h) et de l&#8217;apr\u00e8s-midi (14h30-17h) Ici ! Pique-nique des JPO (12h30-14h30)  ici !   Inscriptions ici  Association Eco-Quartier Strasbourg <\/li><li><strong>Vendredi 2 (9h-17h) et samedi 3 (9h &#8211; 19h) octobre \u00e0 partir de 9h <\/strong>&#8211; Atelier participatif autour du r\u00e9emploi \u00e0 la Maison Rose : atelier se d\u00e9roulant sur la demi-journ\u00e9e &#8211; rendez-vous \u00e0 la Maison Rose au Parc Gruber, route des Romains, Strasbourg Inscriptions : contact@boma.alsace  <\/li><li><strong>Samedi 10 octobre \u00e0 14h30 <\/strong>&#8211; Visite et retour d\u2019exp\u00e9riences d\u2019un jardin partag\u00e9 co-construit dans le quartier des Poteries \/ rendez-vous sur place au Jardin Ga\u00efa Florentina &#8211; Impasse Quinta Florentina (Strasbourg Poteries, TRAM Poteries), en pr\u00e9sence des diff\u00e9rents acteurs du projet  <\/li><li><strong>Samedi 17 octobre \u00e0 14h <\/strong> &#8211; Atelier d\u2019urbanisme populaire \u00e0 la gare de Bischheim \/ jeu de r\u00f4le d\u2019usagers pour r\u00e9fl\u00e9chir \u00e0 l\u2019\u00e9volution de cet espace &#8211; rendez-vous \u00e0 14h sur place avec un support rigide A4 et quelques stylos ! Inscriptions : mathilde.lefevre@urbitat.fr  <\/li><li><strong>Samedi 31 octobre de 11h \u00e0 14h<\/strong> &#8211; Brunch des AMU.es \u00e0 la Maison Citoyenne \/ pr\u00e9sentation du r\u00e9seau et de ses membres &#8211; possibilit\u00e9 de ramener son repas \u201ctir\u00e9 du sac\u201d, un buffet organis\u00e9 et servi par le r\u00e9seau sera disponible \u00e0 prix libre.<\/li><\/ul>\n\n\n\n<div style=\"height:25px\" aria-hidden=\"true\" class=\"wp-block-spacer\"><\/div>\n\n\n\n<h2 class=\"wp-block-heading\">En parall\u00e8le<\/h2>\n\n\n\n<ul class=\"wp-block-list\"><li><strong>mercredi 7 octobre 17h-20h <\/strong>Place Andr\u00e9e Viollis (Danube, Strasbourg) &#8211; Atelier d&#8217;\u00e9change de pratiques d\u00e9mocratiques pour la v\u00e9g\u00e9talisation  Renseignements et inscriptions : association@ecoquartier-strasbourg.fr <\/li><li><strong>Les 19-20-21 octobre \u00e0 Mulhouse<\/strong> &#8211; Rencontres de la participation Inscription \u00e0 l&#8217;\u00e9dition 2020 <\/li><\/ul>\n\n\n\n<div style=\"height:25px\" aria-hidden=\"true\" class=\"wp-block-spacer\"><\/div>\n\n\n\n<div class=\"wp-block-buttons is-layout-flex wp-block-buttons-is-layout-flex\">\n<div class=\"wp-block-button aligncenter\"><a class=\"wp-block-button__link\" href=\"https:\/\/drive.google.com\/file\/d\/1kh0_t-SGvbnGqBeBwKDplZEVnHc7YbE7\/view\" target=\"_blank\" rel=\"noreferrer noopener\">Consulter notre plaquette<\/a><\/div>\n<\/div>\n","protected":false},"excerpt":{"rendered":"<p>Le r\u00e9seau des AMU du Rhin Sup\u00e9rieur vous convie aux Journ\u00e9es de l\u2019 Architecture 2020 Les Journ\u00e9es de l\u2019Architecture 2020 arrivent avec le th\u00e8me \u201cFait maison\u201d \/ \u201cHausgemacht\u201d et le r\u00e9seau y participe !Faire maison, faire ensemble, faire ville, faire soci\u00e9t\u00e9, faire avec, des r\u00e9flexions et des d\u00e9marches que les membres du r\u00e9seau des AMU [&hellip;]<\/p>\n","protected":false},"author":1,"featured_media":223,"comment_status":"open","ping_status":"open","sticky":false,"template":"","format":"standard","meta":{"_seopress_robots_primary_cat":"none","footnotes":""},"categories":[1],"tags":[],"class_list":["post-218","post","type-post","status-publish","format-standard","has-post-thumbnail","hentry","category-non-classe","entry","has-media"],"uagb_featured_image_src":{"full":["https:\/\/amu-rhinsup.fr\/wp-content\/uploads\/2022\/10\/Q0KgeaWphIPizJ8DoW3-e5_DIByDYoGYJgCBzQbVEqXXjs_m5591jsKbFdkzUMQt2M-x3KnWbnTbrKGwq8ug4-qmruvc6AQQEU4MR-xTH9-OlUywzuGqOMouXis9-DALrqPoZMQ2.jpg",1600,695,false],"thumbnail":["https:\/\/amu-rhinsup.fr\/wp-content\/uploads\/2022\/10\/Q0KgeaWphIPizJ8DoW3-e5_DIByDYoGYJgCBzQbVEqXXjs_m5591jsKbFdkzUMQt2M-x3KnWbnTbrKGwq8ug4-qmruvc6AQQEU4MR-xTH9-OlUywzuGqOMouXis9-DALrqPoZMQ2-150x150.jpg",150,150,true],"medium":["https:\/\/amu-rhinsup.fr\/wp-content\/uploads\/2022\/10\/Q0KgeaWphIPizJ8DoW3-e5_DIByDYoGYJgCBzQbVEqXXjs_m5591jsKbFdkzUMQt2M-x3KnWbnTbrKGwq8ug4-qmruvc6AQQEU4MR-xTH9-OlUywzuGqOMouXis9-DALrqPoZMQ2-300x130.jpg",300,130,true],"medium_large":["https:\/\/amu-rhinsup.fr\/wp-content\/uploads\/2022\/10\/Q0KgeaWphIPizJ8DoW3-e5_DIByDYoGYJgCBzQbVEqXXjs_m5591jsKbFdkzUMQt2M-x3KnWbnTbrKGwq8ug4-qmruvc6AQQEU4MR-xTH9-OlUywzuGqOMouXis9-DALrqPoZMQ2-768x334.jpg",768,334,true],"large":["https:\/\/amu-rhinsup.fr\/wp-content\/uploads\/2022\/10\/Q0KgeaWphIPizJ8DoW3-e5_DIByDYoGYJgCBzQbVEqXXjs_m5591jsKbFdkzUMQt2M-x3KnWbnTbrKGwq8ug4-qmruvc6AQQEU4MR-xTH9-OlUywzuGqOMouXis9-DALrqPoZMQ2-1024x445.jpg",1024,445,true],"1536x1536":["https:\/\/amu-rhinsup.fr\/wp-content\/uploads\/2022\/10\/Q0KgeaWphIPizJ8DoW3-e5_DIByDYoGYJgCBzQbVEqXXjs_m5591jsKbFdkzUMQt2M-x3KnWbnTbrKGwq8ug4-qmruvc6AQQEU4MR-xTH9-OlUywzuGqOMouXis9-DALrqPoZMQ2-1536x667.jpg",1536,667,true],"2048x2048":["https:\/\/amu-rhinsup.fr\/wp-content\/uploads\/2022\/10\/Q0KgeaWphIPizJ8DoW3-e5_DIByDYoGYJgCBzQbVEqXXjs_m5591jsKbFdkzUMQt2M-x3KnWbnTbrKGwq8ug4-qmruvc6AQQEU4MR-xTH9-OlUywzuGqOMouXis9-DALrqPoZMQ2.jpg",1600,695,false],"ocean-thumb-m":["https:\/\/amu-rhinsup.fr\/wp-content\/uploads\/2022\/10\/Q0KgeaWphIPizJ8DoW3-e5_DIByDYoGYJgCBzQbVEqXXjs_m5591jsKbFdkzUMQt2M-x3KnWbnTbrKGwq8ug4-qmruvc6AQQEU4MR-xTH9-OlUywzuGqOMouXis9-DALrqPoZMQ2-600x600.jpg",600,600,true],"ocean-thumb-ml":["https:\/\/amu-rhinsup.fr\/wp-content\/uploads\/2022\/10\/Q0KgeaWphIPizJ8DoW3-e5_DIByDYoGYJgCBzQbVEqXXjs_m5591jsKbFdkzUMQt2M-x3KnWbnTbrKGwq8ug4-qmruvc6AQQEU4MR-xTH9-OlUywzuGqOMouXis9-DALrqPoZMQ2-800x450.jpg",800,450,true],"ocean-thumb-l":["https:\/\/amu-rhinsup.fr\/wp-content\/uploads\/2022\/10\/Q0KgeaWphIPizJ8DoW3-e5_DIByDYoGYJgCBzQbVEqXXjs_m5591jsKbFdkzUMQt2M-x3KnWbnTbrKGwq8ug4-qmruvc6AQQEU4MR-xTH9-OlUywzuGqOMouXis9-DALrqPoZMQ2-1200x695.jpg",1200,695,true]},"uagb_author_info":{"display_name":"AMU rhinsup","author_link":"https:\/\/amu-rhinsup.fr\/index.php\/author\/admin\/"},"uagb_comment_info":1,"uagb_excerpt":"Le r\u00e9seau des AMU du Rhin Sup\u00e9rieur vous convie aux Journ\u00e9es de l\u2019 Architecture 2020 Les Journ\u00e9es de l\u2019Architecture 2020 arrivent avec le th\u00e8me \u201cFait maison\u201d \/ \u201cHausgemacht\u201d et le r\u00e9seau y participe !Faire maison, faire ensemble, faire ville, faire soci\u00e9t\u00e9, faire avec, des r\u00e9flexions et des d\u00e9marches que les membres du r\u00e9seau des AMU\u2026","_links":{"self":[{"href":"https:\/\/amu-rhinsup.fr\/index.php\/wp-json\/wp\/v2\/posts\/218","targetHints":{"allow":["GET"]}}],"collection":[{"href":"https:\/\/amu-rhinsup.fr\/index.php\/wp-json\/wp\/v2\/posts"}],"about":[{"href":"https:\/\/amu-rhinsup.fr\/index.php\/wp-json\/wp\/v2\/types\/post"}],"author":[{"embeddable":true,"href":"https:\/\/amu-rhinsup.fr\/index.php\/wp-json\/wp\/v2\/users\/1"}],"replies":[{"embeddable":true,"href":"https:\/\/amu-rhinsup.fr\/index.php\/wp-json\/wp\/v2\/comments?post=218"}],"version-history":[{"count":5,"href":"https:\/\/amu-rhinsup.fr\/index.php\/wp-json\/wp\/v2\/posts\/218\/revisions"}],"predecessor-version":[{"id":297,"href":"https:\/\/amu-rhinsup.fr\/index.php\/wp-json\/wp\/v2\/posts\/218\/revisions\/297"}],"wp:featuredmedia":[{"embeddable":true,"href":"https:\/\/amu-rhinsup.fr\/index.php\/wp-json\/wp\/v2\/media\/223"}],"wp:attachment":[{"href":"https:\/\/amu-rhinsup.fr\/index.php\/wp-json\/wp\/v2\/media?parent=218"}],"wp:term":[{"taxonomy":"category","embeddable":true,"href":"https:\/\/amu-rhinsup.fr\/index.php\/wp-json\/wp\/v2\/categories?post=218"},{"taxonomy":"post_tag","embeddable":true,"href":"https:\/\/amu-rhinsup.fr\/index.php\/wp-json\/wp\/v2\/tags?post=218"}],"curies":[{"name":"wp","href":"https:\/\/api.w.org\/{rel}","templated":true}]}}