{"id":260,"date":"2022-09-21T16:20:00","date_gmt":"2022-09-21T14:20:00","guid":{"rendered":"https:\/\/amu-rhinsup.fr\/?p=260"},"modified":"2022-10-31T16:23:06","modified_gmt":"2022-10-31T15:23:06","slug":"lettre-dinformation-n5","status":"publish","type":"post","link":"https:\/\/amu-rhinsup.fr\/index.php\/2022\/09\/21\/lettre-dinformation-n5\/","title":{"rendered":"Lettre d&#8217;information n\u00b05"},"content":{"rendered":"\n<h2 class=\"wp-block-heading\">Vos prochains RDV avec nous<\/h2>\n\n\n\n<h3 class=\"wp-block-heading\">Vernissage : &#8220;Ca coule de ressources !&#8221;<\/h3>\n\n\n\n<p><strong>Vendredi 23 septembre de 17h \u00e0 20h \u00e0 l&#8217;Or\u00e9e 85<\/strong>, (32 impasse de l&#8217;\u00e9cluse, Strasbourg) .<\/p>\n\n\n\n<p>Exposition jusqu&#8217;au 02\/10\/2022<\/p>\n\n\n\n<p>Venez d\u00e9couvrir l&#8217;exposition &#8220;\u00e7a coule de ressources&#8221;, ou comment trouver un \u00e9chappatoire pour une friche industrielle dans les vosges gr\u00e2ce aux ressources locales : mat\u00e9riaux, r\u00e9emploi, savoir-faire, etc.<\/p>\n\n\n\n<p>Un travail de plusieurs mois, men\u00e9s par 3 structures strasbourgeoises : L&#8217;Atelier NA, Les BOnnes MAti\u00e8res et Mayker Architectes. Seront aborder la question du diagnostic des ressources, et les outils pour faire \u00e9merger des id\u00e9es de projets, gr\u00e2ce notamment \u00e0 des outils de m\u00e9diation et de facilitation. Cette exposition sera r\u00e9alis\u00e9e en lien avec le r\u00e9seau AMU Rhin Sup\u00e9rieur.<\/p>\n\n\n\n<h3 class=\"wp-block-heading\">After-work : \u00ab l&#8217;AMU, une ressource au service des projets \u00bb<\/h3>\n\n\n\n<p><strong>Lundi 3 octobre \u00e0 17h \u00e0 la Maison Citoyenne<\/strong>, (2 rue du Grand couronn\u00e9, Strasbourg)<\/p>\n\n\n\n<p>L&#8217;assistance \u00e0 ma\u00eetrise d&#8217;usage (AMU) ou comment faire de l&#8217;exp\u00e9rience usag\u00e8re une expertise \u00e0 mettre au service des projets.<\/p>\n\n\n\n<p>Comment mettre \u00e0 profit la parole habitante ?<br>Quels sont les vertus de l&#8217;appropriation citoyenne et l&#8217;implication usag\u00e8re ?<\/p>\n\n\n\n<p>Nous vous invitons \u00e0 un afterwork convivial \u00e0 la maison citoyenne pour d\u00e9couvrir et \u00e9changer sur les apports de l&#8217;AMU.<\/p>\n\n\n\n<div class=\"wp-block-buttons is-layout-flex wp-block-buttons-is-layout-flex\">\n<div class=\"wp-block-button aligncenter\"><a class=\"wp-block-button__link\" href=\"https:\/\/docs.google.com\/forms\/d\/e\/1FAIpQLSdgEQRnCe_WDCBsLLP2Elia6D-s_MYh98ekwEBG_4FV2rCqaA\/viewform?vc=0&amp;c=0&amp;w=1&amp;flr=0\" target=\"_blank\" rel=\"noreferrer noopener\">S&#8217;inscrire<\/a><\/div>\n<\/div>\n\n\n\n<h3 class=\"wp-block-heading\">Forum de l&#8217;assistance \u00e0 ma\u00eetrise d&#8217;usage<\/h3>\n\n\n\n<p><strong>Samedi 19 novembre 2022<\/strong> (en Alsace)<\/p>\n\n\n\n<p>Le forum se d\u00e9roulera en Alsace. Un \u00e9v\u00e9nement de promotion des pratiques d&#8217;AMU \u00e0 destination prioritairement des \u00e9lus (et des agents qui les accompagnent). A diffuser largement dans vos r\u00e9seaux !<\/p>\n","protected":false},"excerpt":{"rendered":"<p>Vos prochains RDV avec nous Vernissage : &#8220;Ca coule de ressources !&#8221; Vendredi 23 septembre de 17h \u00e0 20h \u00e0 l&#8217;Or\u00e9e 85, (32 impasse de l&#8217;\u00e9cluse, Strasbourg) . Exposition jusqu&#8217;au 02\/10\/2022 Venez d\u00e9couvrir l&#8217;exposition &#8220;\u00e7a coule de ressources&#8221;, ou comment trouver un \u00e9chappatoire pour une friche industrielle dans les vosges gr\u00e2ce aux ressources locales : [&hellip;]<\/p>\n","protected":false},"author":1,"featured_media":0,"comment_status":"open","ping_status":"open","sticky":false,"template":"","format":"standard","meta":{"_seopress_robots_primary_cat":"none","footnotes":""},"categories":[1],"tags":[],"class_list":["post-260","post","type-post","status-publish","format-standard","hentry","category-non-classe","entry"],"uagb_featured_image_src":{"full":false,"thumbnail":false,"medium":false,"medium_large":false,"large":false,"1536x1536":false,"2048x2048":false,"ocean-thumb-m":false,"ocean-thumb-ml":false,"ocean-thumb-l":false},"uagb_author_info":{"display_name":"AMU rhinsup","author_link":"https:\/\/amu-rhinsup.fr\/index.php\/author\/admin\/"},"uagb_comment_info":2,"uagb_excerpt":"Vos prochains RDV avec nous Vernissage : &#8220;Ca coule de ressources !&#8221; Vendredi 23 septembre de 17h \u00e0 20h \u00e0 l&#8217;Or\u00e9e 85, (32 impasse de l&#8217;\u00e9cluse, Strasbourg) . Exposition jusqu&#8217;au 02\/10\/2022 Venez d\u00e9couvrir l&#8217;exposition &#8220;\u00e7a coule de ressources&#8221;, ou comment trouver un \u00e9chappatoire pour une friche industrielle dans les vosges gr\u00e2ce aux ressources locales :\u2026","_links":{"self":[{"href":"https:\/\/amu-rhinsup.fr\/index.php\/wp-json\/wp\/v2\/posts\/260","targetHints":{"allow":["GET"]}}],"collection":[{"href":"https:\/\/amu-rhinsup.fr\/index.php\/wp-json\/wp\/v2\/posts"}],"about":[{"href":"https:\/\/amu-rhinsup.fr\/index.php\/wp-json\/wp\/v2\/types\/post"}],"author":[{"embeddable":true,"href":"https:\/\/amu-rhinsup.fr\/index.php\/wp-json\/wp\/v2\/users\/1"}],"replies":[{"embeddable":true,"href":"https:\/\/amu-rhinsup.fr\/index.php\/wp-json\/wp\/v2\/comments?post=260"}],"version-history":[{"count":1,"href":"https:\/\/amu-rhinsup.fr\/index.php\/wp-json\/wp\/v2\/posts\/260\/revisions"}],"predecessor-version":[{"id":262,"href":"https:\/\/amu-rhinsup.fr\/index.php\/wp-json\/wp\/v2\/posts\/260\/revisions\/262"}],"wp:attachment":[{"href":"https:\/\/amu-rhinsup.fr\/index.php\/wp-json\/wp\/v2\/media?parent=260"}],"wp:term":[{"taxonomy":"category","embeddable":true,"href":"https:\/\/amu-rhinsup.fr\/index.php\/wp-json\/wp\/v2\/categories?post=260"},{"taxonomy":"post_tag","embeddable":true,"href":"https:\/\/amu-rhinsup.fr\/index.php\/wp-json\/wp\/v2\/tags?post=260"}],"curies":[{"name":"wp","href":"https:\/\/api.w.org\/{rel}","templated":true}]}}